{"id":1344,"date":"2022-05-02T21:03:37","date_gmt":"2022-05-02T19:03:37","guid":{"rendered":"https:\/\/www.weingut-epp.at\/?p=1344"},"modified":"2022-05-02T21:19:54","modified_gmt":"2022-05-02T19:19:54","slug":"weinviertel-dac-praesentation-salzburg","status":"publish","type":"post","link":"https:\/\/www.weingut-epp.at\/?p=1344","title":{"rendered":"Weinviertel DAC Pr\u00e4sentation Salzburg"},"content":{"rendered":"\n<p>Es ist immer wieder eine Freude f\u00fcr uns, mit Interessierten \u00fcber unsere Weine zu sprechen und gemeinsam zu verkosten. Am 26. April war es wieder einmal soweit, da pr\u00e4sentierten wir unsere Weine. Es war ein erfolgreicher und sch\u00f6ner Tag, auf den wir zur\u00fcckblicken d\u00fcrfen. N\u00e4chster Termin ist am 9. 5. im Design Center in Linz. Wir freuen uns auf euren Besuch &#8211; save the date!<\/p>\n","protected":false},"excerpt":{"rendered":"<p>Es ist immer wieder eine Freude f\u00fcr uns, mit Interessierten \u00fcber unsere Weine zu sprechen und gemeinsam zu verkosten. Am 26. April war es wieder einmal soweit, da pr\u00e4sentierten wir unsere Weine. Es war ein &hellip;<\/p>\n","protected":false},"author":1,"featured_media":1351,"comment_status":"closed","ping_status":"open","sticky":false,"template":"","format":"standard","meta":{"_exactmetrics_skip_tracking":false,"_exactmetrics_sitenote_active":false,"_exactmetrics_sitenote_note":"","_exactmetrics_sitenote_category":0,"_jetpack_memberships_contains_paid_content":false,"footnotes":""},"categories":[1],"tags":[],"jetpack_sharing_enabled":true,"jetpack_featured_media_url":"https:\/\/www.weingut-epp.at\/wp-content\/uploads\/2022\/05\/DAC-Praesentation-2022-klein.jpg","_links":{"self":[{"href":"https:\/\/www.weingut-epp.at\/index.php?rest_route=\/wp\/v2\/posts\/1344"}],"collection":[{"href":"https:\/\/www.weingut-epp.at\/index.php?rest_route=\/wp\/v2\/posts"}],"about":[{"href":"https:\/\/www.weingut-epp.at\/index.php?rest_route=\/wp\/v2\/types\/post"}],"author":[{"embeddable":true,"href":"https:\/\/www.weingut-epp.at\/index.php?rest_route=\/wp\/v2\/users\/1"}],"replies":[{"embeddable":true,"href":"https:\/\/www.weingut-epp.at\/index.php?rest_route=%2Fwp%2Fv2%2Fcomments&post=1344"}],"version-history":[{"count":2,"href":"https:\/\/www.weingut-epp.at\/index.php?rest_route=\/wp\/v2\/posts\/1344\/revisions"}],"predecessor-version":[{"id":1350,"href":"https:\/\/www.weingut-epp.at\/index.php?rest_route=\/wp\/v2\/posts\/1344\/revisions\/1350"}],"wp:featuredmedia":[{"embeddable":true,"href":"https:\/\/www.weingut-epp.at\/index.php?rest_route=\/wp\/v2\/media\/1351"}],"wp:attachment":[{"href":"https:\/\/www.weingut-epp.at\/index.php?rest_route=%2Fwp%2Fv2%2Fmedia&parent=1344"}],"wp:term":[{"taxonomy":"category","embeddable":true,"href":"https:\/\/www.weingut-epp.at\/index.php?rest_route=%2Fwp%2Fv2%2Fcategories&post=1344"},{"taxonomy":"post_tag","embeddable":true,"href":"https:\/\/www.weingut-epp.at\/index.php?rest_route=%2Fwp%2Fv2%2Ftags&post=1344"}],"curies":[{"name":"wp","href":"https:\/\/api.w.org\/{rel}","templated":true}]}}