{"id":1360,"date":"2022-06-05T12:49:07","date_gmt":"2022-06-05T10:49:07","guid":{"rendered":"https:\/\/www.weingut-epp.at\/?p=1360"},"modified":"2022-06-05T12:49:12","modified_gmt":"2022-06-05T10:49:12","slug":"weinauszeichnungen","status":"publish","type":"post","link":"https:\/\/www.weingut-epp.at\/?p=1360","title":{"rendered":"Weinauszeichnungen"},"content":{"rendered":"\n<p>Unsere tatkr\u00e4ftige Arbeit, Pflege und Kultivierung der Reben, sowie sorgf\u00e4ltige Verarbeitung der Trauben hat sich auch heuer wieder sehr gelohnt. Das zeigt das wunderbare Ergebnis bei der Nieder\u00f6sterreichischen Landesweinmesse. Ganz besonders freuen wir uns \u00fcber die Auszeichnung zum N\u00d6-Finalisten beim Weinviertel DAC und \u00fcber viele Gold Pr\u00e4mierungen bei unserem weiteren Weinsortiment. Viel Freude beim Verkosten!<\/p>\n","protected":false},"excerpt":{"rendered":"<p>Unsere tatkr\u00e4ftige Arbeit, Pflege und Kultivierung der Reben, sowie sorgf\u00e4ltige Verarbeitung der Trauben hat sich auch heuer wieder sehr gelohnt. Das zeigt das wunderbare Ergebnis bei der Nieder\u00f6sterreichischen Landesweinmesse. Ganz besonders freuen wir uns \u00fcber &hellip;<\/p>\n","protected":false},"author":1,"featured_media":1363,"comment_status":"closed","ping_status":"open","sticky":false,"template":"","format":"standard","meta":{"_exactmetrics_skip_tracking":false,"_exactmetrics_sitenote_active":false,"_exactmetrics_sitenote_note":"","_exactmetrics_sitenote_category":0,"_jetpack_memberships_contains_paid_content":false,"footnotes":""},"categories":[1],"tags":[],"jetpack_sharing_enabled":true,"jetpack_featured_media_url":"https:\/\/www.weingut-epp.at\/wp-content\/uploads\/2022\/06\/DAC-Finalist-22.jpg","_links":{"self":[{"href":"https:\/\/www.weingut-epp.at\/index.php?rest_route=\/wp\/v2\/posts\/1360"}],"collection":[{"href":"https:\/\/www.weingut-epp.at\/index.php?rest_route=\/wp\/v2\/posts"}],"about":[{"href":"https:\/\/www.weingut-epp.at\/index.php?rest_route=\/wp\/v2\/types\/post"}],"author":[{"embeddable":true,"href":"https:\/\/www.weingut-epp.at\/index.php?rest_route=\/wp\/v2\/users\/1"}],"replies":[{"embeddable":true,"href":"https:\/\/www.weingut-epp.at\/index.php?rest_route=%2Fwp%2Fv2%2Fcomments&post=1360"}],"version-history":[{"count":1,"href":"https:\/\/www.weingut-epp.at\/index.php?rest_route=\/wp\/v2\/posts\/1360\/revisions"}],"predecessor-version":[{"id":1364,"href":"https:\/\/www.weingut-epp.at\/index.php?rest_route=\/wp\/v2\/posts\/1360\/revisions\/1364"}],"wp:featuredmedia":[{"embeddable":true,"href":"https:\/\/www.weingut-epp.at\/index.php?rest_route=\/wp\/v2\/media\/1363"}],"wp:attachment":[{"href":"https:\/\/www.weingut-epp.at\/index.php?rest_route=%2Fwp%2Fv2%2Fmedia&parent=1360"}],"wp:term":[{"taxonomy":"category","embeddable":true,"href":"https:\/\/www.weingut-epp.at\/index.php?rest_route=%2Fwp%2Fv2%2Fcategories&post=1360"},{"taxonomy":"post_tag","embeddable":true,"href":"https:\/\/www.weingut-epp.at\/index.php?rest_route=%2Fwp%2Fv2%2Ftags&post=1360"}],"curies":[{"name":"wp","href":"https:\/\/api.w.org\/{rel}","templated":true}]}}