{"id":1461,"date":"2023-05-19T14:28:51","date_gmt":"2023-05-19T12:28:51","guid":{"rendered":"https:\/\/www.weingut-epp.at\/?p=1461"},"modified":"2023-05-19T14:33:28","modified_gmt":"2023-05-19T12:33:28","slug":"nominierung-zum-stadtwein-gaenserich","status":"publish","type":"post","link":"https:\/\/www.weingut-epp.at\/?p=1461","title":{"rendered":"Nominierung zum Stadtwein &#8222;G\u00e4nserich&#8220;"},"content":{"rendered":"\n<figure class=\"wp-block-image size-full\"><img loading=\"lazy\" decoding=\"async\" width=\"300\" height=\"300\" src=\"https:\/\/www.weingut-epp.at\/wp-content\/uploads\/2023\/05\/Gaenserich-23klein.jpg\" alt=\"\" class=\"wp-image-1462\" srcset=\"https:\/\/www.weingut-epp.at\/wp-content\/uploads\/2023\/05\/Gaenserich-23klein.jpg 300w, https:\/\/www.weingut-epp.at\/wp-content\/uploads\/2023\/05\/Gaenserich-23klein-150x150.jpg 150w, https:\/\/www.weingut-epp.at\/wp-content\/uploads\/2023\/05\/Gaenserich-23klein-100x100.jpg 100w\" sizes=\"(max-width: 300px) 100vw, 300px\" \/><figcaption><em>Der neue rote G\u00e4nserich<\/em><\/figcaption><\/figure>\n\n\n\n<p>&#8222;And the winner is&#8220;&#8230;am vergangenen Dienstag wurde der allj\u00e4hrliche G\u00e4nserndorfer Stadtwein, der &#8222;G\u00e4nserich&#8220;, im Rathaus unserer Bezirksstadt gek\u00fcrt. Bei einer vorangegangenen Blindverkostung hatte unser Zweigelt die Nase, oder besser gesagt den Schnabel, ganz vorne und stach dabei als bester Rotwein heraus. Der G\u00e4nserich wird nun das ganze Jahr bei verschiedenen Anl\u00e4ssen in G\u00e4nserndorf ausgeschenkt und im Rathaus zum Verkauf angeboten. Aber auch im neu er\u00f6ffneten G\u00e4nserndorfer Interspar-Markt kann der rote G\u00e4nserich, sowie nat\u00fcrlich bei uns ab Hof erworben werden. <\/p>\n","protected":false},"excerpt":{"rendered":"<p>&#8222;And the winner is&#8220;&#8230;am vergangenen Dienstag wurde der allj\u00e4hrliche G\u00e4nserndorfer Stadtwein, der &#8222;G\u00e4nserich&#8220;, im Rathaus unserer Bezirksstadt gek\u00fcrt. Bei einer vorangegangenen Blindverkostung hatte unser Zweigelt die Nase, oder besser gesagt den Schnabel, ganz vorne und &hellip;<\/p>\n","protected":false},"author":1,"featured_media":0,"comment_status":"closed","ping_status":"open","sticky":false,"template":"","format":"standard","meta":{"_exactmetrics_skip_tracking":false,"_exactmetrics_sitenote_active":false,"_exactmetrics_sitenote_note":"","_exactmetrics_sitenote_category":0,"_jetpack_memberships_contains_paid_content":false,"footnotes":""},"categories":[1],"tags":[],"jetpack_sharing_enabled":true,"jetpack_featured_media_url":"","_links":{"self":[{"href":"https:\/\/www.weingut-epp.at\/index.php?rest_route=\/wp\/v2\/posts\/1461"}],"collection":[{"href":"https:\/\/www.weingut-epp.at\/index.php?rest_route=\/wp\/v2\/posts"}],"about":[{"href":"https:\/\/www.weingut-epp.at\/index.php?rest_route=\/wp\/v2\/types\/post"}],"author":[{"embeddable":true,"href":"https:\/\/www.weingut-epp.at\/index.php?rest_route=\/wp\/v2\/users\/1"}],"replies":[{"embeddable":true,"href":"https:\/\/www.weingut-epp.at\/index.php?rest_route=%2Fwp%2Fv2%2Fcomments&post=1461"}],"version-history":[{"count":3,"href":"https:\/\/www.weingut-epp.at\/index.php?rest_route=\/wp\/v2\/posts\/1461\/revisions"}],"predecessor-version":[{"id":1467,"href":"https:\/\/www.weingut-epp.at\/index.php?rest_route=\/wp\/v2\/posts\/1461\/revisions\/1467"}],"wp:attachment":[{"href":"https:\/\/www.weingut-epp.at\/index.php?rest_route=%2Fwp%2Fv2%2Fmedia&parent=1461"}],"wp:term":[{"taxonomy":"category","embeddable":true,"href":"https:\/\/www.weingut-epp.at\/index.php?rest_route=%2Fwp%2Fv2%2Fcategories&post=1461"},{"taxonomy":"post_tag","embeddable":true,"href":"https:\/\/www.weingut-epp.at\/index.php?rest_route=%2Fwp%2Fv2%2Ftags&post=1461"}],"curies":[{"name":"wp","href":"https:\/\/api.w.org\/{rel}","templated":true}]}}