{"id":1528,"date":"2023-07-15T11:19:00","date_gmt":"2023-07-15T09:19:00","guid":{"rendered":"https:\/\/www.weingut-epp.at\/?p=1528"},"modified":"2023-07-15T11:27:28","modified_gmt":"2023-07-15T09:27:28","slug":"wir-sind-salonwinzer-2023","status":"publish","type":"post","link":"https:\/\/www.weingut-epp.at\/?p=1528","title":{"rendered":"Wir sind Salonwinzer 2023!"},"content":{"rendered":"\n<p>Unser Weinviertel DAC Riede Kruttberge wurde in den SALON aufgenommen und reiht sich in die Riege der besten Weine \u00d6sterreichs! Es ist f\u00fcr uns eine gro\u00dfe Ehre, dass sich unser Wein wieder einmal unter tausenden Einsendungen beim h\u00e4rtesten Weinwettbewerb durchgesetzt hat. F\u00fcr uns ein Beweis, dass wir alles richtig gemacht haben. Jetzt aber schnell den Wein k\u00fchl stellen, Gl\u00e4ser richten und kr\u00e4ftig darauf ansto\u00dfen! <\/p>\n","protected":false},"excerpt":{"rendered":"<p>Unser Weinviertel DAC Riede Kruttberge wurde in den SALON aufgenommen und reiht sich in die Riege der besten Weine \u00d6sterreichs! Es ist f\u00fcr uns eine gro\u00dfe Ehre, dass sich unser Wein wieder einmal unter tausenden &hellip;<\/p>\n","protected":false},"author":1,"featured_media":1532,"comment_status":"closed","ping_status":"open","sticky":false,"template":"","format":"standard","meta":{"_exactmetrics_skip_tracking":false,"_exactmetrics_sitenote_active":false,"_exactmetrics_sitenote_note":"","_exactmetrics_sitenote_category":0,"_jetpack_memberships_contains_paid_content":false,"footnotes":""},"categories":[1],"tags":[],"jetpack_sharing_enabled":true,"jetpack_featured_media_url":"https:\/\/www.weingut-epp.at\/wp-content\/uploads\/2023\/07\/Salon-Bild-B-klein.jpg","_links":{"self":[{"href":"https:\/\/www.weingut-epp.at\/index.php?rest_route=\/wp\/v2\/posts\/1528"}],"collection":[{"href":"https:\/\/www.weingut-epp.at\/index.php?rest_route=\/wp\/v2\/posts"}],"about":[{"href":"https:\/\/www.weingut-epp.at\/index.php?rest_route=\/wp\/v2\/types\/post"}],"author":[{"embeddable":true,"href":"https:\/\/www.weingut-epp.at\/index.php?rest_route=\/wp\/v2\/users\/1"}],"replies":[{"embeddable":true,"href":"https:\/\/www.weingut-epp.at\/index.php?rest_route=%2Fwp%2Fv2%2Fcomments&post=1528"}],"version-history":[{"count":2,"href":"https:\/\/www.weingut-epp.at\/index.php?rest_route=\/wp\/v2\/posts\/1528\/revisions"}],"predecessor-version":[{"id":1530,"href":"https:\/\/www.weingut-epp.at\/index.php?rest_route=\/wp\/v2\/posts\/1528\/revisions\/1530"}],"wp:featuredmedia":[{"embeddable":true,"href":"https:\/\/www.weingut-epp.at\/index.php?rest_route=\/wp\/v2\/media\/1532"}],"wp:attachment":[{"href":"https:\/\/www.weingut-epp.at\/index.php?rest_route=%2Fwp%2Fv2%2Fmedia&parent=1528"}],"wp:term":[{"taxonomy":"category","embeddable":true,"href":"https:\/\/www.weingut-epp.at\/index.php?rest_route=%2Fwp%2Fv2%2Fcategories&post=1528"},{"taxonomy":"post_tag","embeddable":true,"href":"https:\/\/www.weingut-epp.at\/index.php?rest_route=%2Fwp%2Fv2%2Ftags&post=1528"}],"curies":[{"name":"wp","href":"https:\/\/api.w.org\/{rel}","templated":true}]}}