{"id":1805,"date":"2024-07-11T13:54:10","date_gmt":"2024-07-11T11:54:10","guid":{"rendered":"https:\/\/www.weingut-epp.at\/?p=1805"},"modified":"2026-03-03T12:37:53","modified_gmt":"2026-03-03T11:37:53","slug":"junior-girl-bei-der-getreideernte","status":"publish","type":"post","link":"https:\/\/www.weingut-epp.at\/?p=1805","title":{"rendered":"Junior girl bei der Getreideernte"},"content":{"rendered":"\n<p>Wie jedes Jahr findet auch heuer wieder die Getreideernte statt. Diesmal schon unter besonderer Beobachtung unserer zweij\u00e4hrigen Diana. W\u00e4hrend die Trauben in den Weing\u00e4rten noch bei sommerlichen Temperaturen heranreifen, wird auf den Feldern in vollen Z\u00fcgen die Ernte eingefahren. Wir erwarten ein recht gutes Ergebnis und k\u00f6nnen bald zufrieden auf ein erfolgreiches Jahr in unserer Agrarlandwirtschaft zur\u00fcckblicken.<\/p>\n\n\n\n<figure class=\"wp-block-image size-large\"><img loading=\"lazy\" decoding=\"async\" width=\"989\" height=\"1024\" src=\"https:\/\/www.weingut-epp.at\/wp-content\/uploads\/2026\/03\/20240707_170540-3-989x1024.jpg\" alt=\"\" class=\"wp-image-1806\" srcset=\"https:\/\/www.weingut-epp.at\/wp-content\/uploads\/2026\/03\/20240707_170540-3-989x1024.jpg 989w, https:\/\/www.weingut-epp.at\/wp-content\/uploads\/2026\/03\/20240707_170540-3-290x300.jpg 290w, https:\/\/www.weingut-epp.at\/wp-content\/uploads\/2026\/03\/20240707_170540-3-145x150.jpg 145w, https:\/\/www.weingut-epp.at\/wp-content\/uploads\/2026\/03\/20240707_170540-3-768x795.jpg 768w, https:\/\/www.weingut-epp.at\/wp-content\/uploads\/2026\/03\/20240707_170540-3-1484x1536.jpg 1484w, https:\/\/www.weingut-epp.at\/wp-content\/uploads\/2026\/03\/20240707_170540-3-1978x2048.jpg 1978w, https:\/\/www.weingut-epp.at\/wp-content\/uploads\/2026\/03\/20240707_170540-3-619x640.jpg 619w, https:\/\/www.weingut-epp.at\/wp-content\/uploads\/2026\/03\/20240707_170540-3-400x414.jpg 400w\" sizes=\"(max-width: 989px) 100vw, 989px\" \/><\/figure>\n","protected":false},"excerpt":{"rendered":"<p>Wie jedes Jahr findet auch heuer wieder die Getreideernte statt. Diesmal schon unter besonderer Beobachtung unserer zweij\u00e4hrigen Diana. W\u00e4hrend die Trauben in den Weing\u00e4rten noch bei sommerlichen Temperaturen heranreifen, wird auf den Feldern in vollen &hellip;<\/p>\n","protected":false},"author":1,"featured_media":0,"comment_status":"closed","ping_status":"open","sticky":false,"template":"","format":"standard","meta":{"_exactmetrics_skip_tracking":false,"_exactmetrics_sitenote_active":false,"_exactmetrics_sitenote_note":"","_exactmetrics_sitenote_category":0,"_jetpack_memberships_contains_paid_content":false,"footnotes":""},"categories":[1],"tags":[],"jetpack_sharing_enabled":true,"jetpack_featured_media_url":"","_links":{"self":[{"href":"https:\/\/www.weingut-epp.at\/index.php?rest_route=\/wp\/v2\/posts\/1805"}],"collection":[{"href":"https:\/\/www.weingut-epp.at\/index.php?rest_route=\/wp\/v2\/posts"}],"about":[{"href":"https:\/\/www.weingut-epp.at\/index.php?rest_route=\/wp\/v2\/types\/post"}],"author":[{"embeddable":true,"href":"https:\/\/www.weingut-epp.at\/index.php?rest_route=\/wp\/v2\/users\/1"}],"replies":[{"embeddable":true,"href":"https:\/\/www.weingut-epp.at\/index.php?rest_route=%2Fwp%2Fv2%2Fcomments&post=1805"}],"version-history":[{"count":2,"href":"https:\/\/www.weingut-epp.at\/index.php?rest_route=\/wp\/v2\/posts\/1805\/revisions"}],"predecessor-version":[{"id":1811,"href":"https:\/\/www.weingut-epp.at\/index.php?rest_route=\/wp\/v2\/posts\/1805\/revisions\/1811"}],"wp:attachment":[{"href":"https:\/\/www.weingut-epp.at\/index.php?rest_route=%2Fwp%2Fv2%2Fmedia&parent=1805"}],"wp:term":[{"taxonomy":"category","embeddable":true,"href":"https:\/\/www.weingut-epp.at\/index.php?rest_route=%2Fwp%2Fv2%2Fcategories&post=1805"},{"taxonomy":"post_tag","embeddable":true,"href":"https:\/\/www.weingut-epp.at\/index.php?rest_route=%2Fwp%2Fv2%2Ftags&post=1805"}],"curies":[{"name":"wp","href":"https:\/\/api.w.org\/{rel}","templated":true}]}}