{"id":199,"date":"2016-03-25T11:59:25","date_gmt":"2016-03-25T10:59:25","guid":{"rendered":"http:\/\/www.weingut-epp.at\/?p=199"},"modified":"2016-03-25T12:07:12","modified_gmt":"2016-03-25T11:07:12","slug":"199","status":"publish","type":"post","link":"https:\/\/www.weingut-epp.at\/?p=199","title":{"rendered":"2015er Jahrgang ist abgef\u00fcllt!"},"content":{"rendered":"<p>Es ist soweit, der frisch-fruchtige aber auch kr\u00e4ftig-breite 2015er Jahrgang ist abgef\u00fcllt!<\/p>\n<p style=\"padding-left: 60px;\">Nach einem nassen, feuchten Winter, kam zun\u00e4chst ein k\u00fchles Fr\u00fchjahr, welches dann schnell in eine lange Trockenphase und zu hei\u00dfen Sommertagen wechselte. Das brachte uns\u00a0zur Erntezeit ein perfektes Traubenmaterial in den Keller. So haben sich sehr reife, goldgelbe Trauben gebildet, die bei so manchem Wein sehr intensive Fruchtkomplexe hervorbrachten. Aber auch kr\u00e4ftig, breite und charmante Weine konnten sich entwickeln.<\/p>\n<p>Kosten und genie\u00dfen Sie!<\/p>\n<p>Ihr\u00a0Reinhard.<\/p>\n","protected":false},"excerpt":{"rendered":"<p>Es ist soweit, der frisch-fruchtige aber auch kr\u00e4ftig-breite 2015er Jahrgang ist abgef\u00fcllt! Nach einem nassen, feuchten Winter, kam zun\u00e4chst ein k\u00fchles Fr\u00fchjahr, welches dann schnell in eine lange Trockenphase und zu hei\u00dfen Sommertagen wechselte. Das &hellip;<\/p>\n","protected":false},"author":1,"featured_media":35,"comment_status":"closed","ping_status":"open","sticky":false,"template":"","format":"standard","meta":{"_exactmetrics_skip_tracking":false,"_exactmetrics_sitenote_active":false,"_exactmetrics_sitenote_note":"","_exactmetrics_sitenote_category":0,"_jetpack_memberships_contains_paid_content":false,"footnotes":""},"categories":[1],"tags":[],"jetpack_sharing_enabled":true,"jetpack_featured_media_url":"https:\/\/www.weingut-epp.at\/wp-content\/uploads\/2015\/06\/hipsterlogogenerator_1434025292956-e1434462856596.png","_links":{"self":[{"href":"https:\/\/www.weingut-epp.at\/index.php?rest_route=\/wp\/v2\/posts\/199"}],"collection":[{"href":"https:\/\/www.weingut-epp.at\/index.php?rest_route=\/wp\/v2\/posts"}],"about":[{"href":"https:\/\/www.weingut-epp.at\/index.php?rest_route=\/wp\/v2\/types\/post"}],"author":[{"embeddable":true,"href":"https:\/\/www.weingut-epp.at\/index.php?rest_route=\/wp\/v2\/users\/1"}],"replies":[{"embeddable":true,"href":"https:\/\/www.weingut-epp.at\/index.php?rest_route=%2Fwp%2Fv2%2Fcomments&post=199"}],"version-history":[{"count":7,"href":"https:\/\/www.weingut-epp.at\/index.php?rest_route=\/wp\/v2\/posts\/199\/revisions"}],"predecessor-version":[{"id":207,"href":"https:\/\/www.weingut-epp.at\/index.php?rest_route=\/wp\/v2\/posts\/199\/revisions\/207"}],"wp:featuredmedia":[{"embeddable":true,"href":"https:\/\/www.weingut-epp.at\/index.php?rest_route=\/wp\/v2\/media\/35"}],"wp:attachment":[{"href":"https:\/\/www.weingut-epp.at\/index.php?rest_route=%2Fwp%2Fv2%2Fmedia&parent=199"}],"wp:term":[{"taxonomy":"category","embeddable":true,"href":"https:\/\/www.weingut-epp.at\/index.php?rest_route=%2Fwp%2Fv2%2Fcategories&post=199"},{"taxonomy":"post_tag","embeddable":true,"href":"https:\/\/www.weingut-epp.at\/index.php?rest_route=%2Fwp%2Fv2%2Ftags&post=199"}],"curies":[{"name":"wp","href":"https:\/\/api.w.org\/{rel}","templated":true}]}}