{"id":219,"date":"2017-06-22T11:59:59","date_gmt":"2017-06-22T09:59:59","guid":{"rendered":"http:\/\/www.weingut-epp.at\/?p=219"},"modified":"2017-06-22T11:59:59","modified_gmt":"2017-06-22T09:59:59","slug":"auszeichnungen","status":"publish","type":"post","link":"https:\/\/www.weingut-epp.at\/?p=219","title":{"rendered":"Auszeichnungen"},"content":{"rendered":"<p><span style=\"color: #000000; font-family: Calibri;\">Auch heuer durfte sich unser Betrieb wieder \u00fcber zahlreiche Auszeichnung freuen,<\/span><\/p>\n<p><span style=\"font-family: Calibri;\"><span style=\"color: #000000;\">bei der Poysdorfer Weinparade- \u00d6sterreichs gr\u00f6\u00dfte Regionale Weinmesse\u00a0erhielten\u00a0wir\u00a05 Goldmedaillen und\u00a0 unser <b>Weinviertel DAC wurde mit dem Bacchus Pokal,<\/b><\/span><span style=\"color: #000000;\"> was die Bewertung ist, ausgezeichnet. \u00a0<\/span><\/span><\/p>\n<p><span style=\"font-family: Calibri;\"><span style=\"color: #000000;\">Bei der Nieder\u00f6sterreichischen Landesweinmesse hatten wir ebenso 5 x Gold und einen <b>Finalisten mit dem Chardonnay<\/b><\/span><span style=\"color: #000000;\">.<\/span><\/span><\/p>\n<p><span style=\"font-family: Calibri;\"><span style=\"color: #000000;\">Und zu guter Letzt, wurde unser <b>Welschriesling in den Salon \u00d6sterreich<\/b><\/span><span style=\"color: #000000;\"> aufgenommen.<\/span><\/span><\/p>\n<p>Euer Reinhard<\/p>\n<img alt='' src='https:\/\/secure.gravatar.com\/avatar\/ad516503a11cd5ca435acc9bb6523536?s=96&#038;d=wp_user_avatar&#038;r=g' srcset='https:\/\/secure.gravatar.com\/avatar\/ad516503a11cd5ca435acc9bb6523536?s=192&#038;d=wp_user_avatar&#038;r=g 2x' class='avatar avatar-96wp-user-avatar wp-user-avatar-96 photo' height='96' width='96' \/>\n","protected":false},"excerpt":{"rendered":"<p>Auch heuer durfte sich unser Betrieb wieder \u00fcber zahlreiche Auszeichnung freuen, bei der Poysdorfer Weinparade- \u00d6sterreichs gr\u00f6\u00dfte Regionale Weinmesse\u00a0erhielten\u00a0wir\u00a05 Goldmedaillen und\u00a0 unser Weinviertel DAC wurde mit dem Bacchus Pokal, was die Bewertung ist, ausgezeichnet. \u00a0 &hellip;<\/p>\n","protected":false},"author":1,"featured_media":0,"comment_status":"closed","ping_status":"open","sticky":false,"template":"","format":"standard","meta":{"_exactmetrics_skip_tracking":false,"_exactmetrics_sitenote_active":false,"_exactmetrics_sitenote_note":"","_exactmetrics_sitenote_category":0,"_jetpack_memberships_contains_paid_content":false,"footnotes":""},"categories":[1],"tags":[],"jetpack_sharing_enabled":true,"jetpack_featured_media_url":"","_links":{"self":[{"href":"https:\/\/www.weingut-epp.at\/index.php?rest_route=\/wp\/v2\/posts\/219"}],"collection":[{"href":"https:\/\/www.weingut-epp.at\/index.php?rest_route=\/wp\/v2\/posts"}],"about":[{"href":"https:\/\/www.weingut-epp.at\/index.php?rest_route=\/wp\/v2\/types\/post"}],"author":[{"embeddable":true,"href":"https:\/\/www.weingut-epp.at\/index.php?rest_route=\/wp\/v2\/users\/1"}],"replies":[{"embeddable":true,"href":"https:\/\/www.weingut-epp.at\/index.php?rest_route=%2Fwp%2Fv2%2Fcomments&post=219"}],"version-history":[{"count":2,"href":"https:\/\/www.weingut-epp.at\/index.php?rest_route=\/wp\/v2\/posts\/219\/revisions"}],"predecessor-version":[{"id":221,"href":"https:\/\/www.weingut-epp.at\/index.php?rest_route=\/wp\/v2\/posts\/219\/revisions\/221"}],"wp:attachment":[{"href":"https:\/\/www.weingut-epp.at\/index.php?rest_route=%2Fwp%2Fv2%2Fmedia&parent=219"}],"wp:term":[{"taxonomy":"category","embeddable":true,"href":"https:\/\/www.weingut-epp.at\/index.php?rest_route=%2Fwp%2Fv2%2Fcategories&post=219"},{"taxonomy":"post_tag","embeddable":true,"href":"https:\/\/www.weingut-epp.at\/index.php?rest_route=%2Fwp%2Fv2%2Ftags&post=219"}],"curies":[{"name":"wp","href":"https:\/\/api.w.org\/{rel}","templated":true}]}}