{"id":259,"date":"2019-11-11T20:46:49","date_gmt":"2019-11-11T19:46:49","guid":{"rendered":"http:\/\/www.weingut-epp.at\/?p=259"},"modified":"2019-11-11T20:46:51","modified_gmt":"2019-11-11T19:46:51","slug":"gruener-veltliner-2019","status":"publish","type":"post","link":"https:\/\/www.weingut-epp.at\/?p=259","title":{"rendered":"Gr\u00fcner Veltliner 2019"},"content":{"rendered":"\n<p>Ab jetzt erh\u00e4ltlich &#8211; frisch abgef\u00fcllt: Gr\u00fcner Veltliner 2019! Wieder a guates Tr\u00f6pferl im Flascherl als fruchtig freches Vergn\u00fcgen &#x1f44c;&#x1f44d;&#x1f60b;! <\/p>\n\n\n\n<figure class=\"wp-block-image is-resized\"><img loading=\"lazy\" decoding=\"async\" src=\"http:\/\/www.weingut-epp.at\/wp-content\/uploads\/2019\/11\/Junger-\u00d6sterreicher-2019-e1573501410964-1024x701.jpg\" alt=\"\" class=\"wp-image-264\" width=\"566\" height=\"387\" srcset=\"https:\/\/www.weingut-epp.at\/wp-content\/uploads\/2019\/11\/Junger-\u00d6sterreicher-2019-e1573501410964-1024x701.jpg 1024w, https:\/\/www.weingut-epp.at\/wp-content\/uploads\/2019\/11\/Junger-\u00d6sterreicher-2019-e1573501410964-300x205.jpg 300w, https:\/\/www.weingut-epp.at\/wp-content\/uploads\/2019\/11\/Junger-\u00d6sterreicher-2019-e1573501410964-150x103.jpg 150w, https:\/\/www.weingut-epp.at\/wp-content\/uploads\/2019\/11\/Junger-\u00d6sterreicher-2019-e1573501410964-768x525.jpg 768w, https:\/\/www.weingut-epp.at\/wp-content\/uploads\/2019\/11\/Junger-\u00d6sterreicher-2019-e1573501410964-1536x1051.jpg 1536w, https:\/\/www.weingut-epp.at\/wp-content\/uploads\/2019\/11\/Junger-\u00d6sterreicher-2019-e1573501410964-619x424.jpg 619w, https:\/\/www.weingut-epp.at\/wp-content\/uploads\/2019\/11\/Junger-\u00d6sterreicher-2019-e1573501410964-400x274.jpg 400w, https:\/\/www.weingut-epp.at\/wp-content\/uploads\/2019\/11\/Junger-\u00d6sterreicher-2019-e1573501410964.jpg 1612w\" sizes=\"(max-width: 566px) 100vw, 566px\" \/><\/figure>\n","protected":false},"excerpt":{"rendered":"<p>Ab jetzt erh\u00e4ltlich &#8211; frisch abgef\u00fcllt: Gr\u00fcner Veltliner 2019! Wieder a guates Tr\u00f6pferl im Flascherl als fruchtig freches Vergn\u00fcgen &#x1f44c;&#x1f44d;&#x1f60b;!<\/p>\n","protected":false},"author":1,"featured_media":0,"comment_status":"closed","ping_status":"open","sticky":false,"template":"","format":"standard","meta":{"_exactmetrics_skip_tracking":false,"_exactmetrics_sitenote_active":false,"_exactmetrics_sitenote_note":"","_exactmetrics_sitenote_category":0,"_jetpack_memberships_contains_paid_content":false,"footnotes":""},"categories":[1],"tags":[],"jetpack_sharing_enabled":true,"jetpack_featured_media_url":"","_links":{"self":[{"href":"https:\/\/www.weingut-epp.at\/index.php?rest_route=\/wp\/v2\/posts\/259"}],"collection":[{"href":"https:\/\/www.weingut-epp.at\/index.php?rest_route=\/wp\/v2\/posts"}],"about":[{"href":"https:\/\/www.weingut-epp.at\/index.php?rest_route=\/wp\/v2\/types\/post"}],"author":[{"embeddable":true,"href":"https:\/\/www.weingut-epp.at\/index.php?rest_route=\/wp\/v2\/users\/1"}],"replies":[{"embeddable":true,"href":"https:\/\/www.weingut-epp.at\/index.php?rest_route=%2Fwp%2Fv2%2Fcomments&post=259"}],"version-history":[{"count":5,"href":"https:\/\/www.weingut-epp.at\/index.php?rest_route=\/wp\/v2\/posts\/259\/revisions"}],"predecessor-version":[{"id":266,"href":"https:\/\/www.weingut-epp.at\/index.php?rest_route=\/wp\/v2\/posts\/259\/revisions\/266"}],"wp:attachment":[{"href":"https:\/\/www.weingut-epp.at\/index.php?rest_route=%2Fwp%2Fv2%2Fmedia&parent=259"}],"wp:term":[{"taxonomy":"category","embeddable":true,"href":"https:\/\/www.weingut-epp.at\/index.php?rest_route=%2Fwp%2Fv2%2Fcategories&post=259"},{"taxonomy":"post_tag","embeddable":true,"href":"https:\/\/www.weingut-epp.at\/index.php?rest_route=%2Fwp%2Fv2%2Ftags&post=259"}],"curies":[{"name":"wp","href":"https:\/\/api.w.org\/{rel}","templated":true}]}}