{"id":570,"date":"2020-07-06T07:46:12","date_gmt":"2020-07-06T05:46:12","guid":{"rendered":"http:\/\/www.weingut-epp.at\/?p=570"},"modified":"2020-07-06T07:48:51","modified_gmt":"2020-07-06T05:48:51","slug":"getreideernte-eine-aufregende-zeit","status":"publish","type":"post","link":"https:\/\/www.weingut-epp.at\/?p=570","title":{"rendered":"Getreideernte &#8211; eine aufregende Zeit"},"content":{"rendered":"\n<p>Es ist soweit &#8211; die Getreideernte hat begonnen! Neben Weinbau betreiben wir auch Ackerbau und wie jedes Jahr im Juli\/August\u00a0l\u00e4uft unser M\u00e4hdrescher auf Hochtouren. Zu unseren Getreidesorten z\u00e4hlen u.a. Wintergerste, Raps und Durum (Hartweizen). Jetzt hei\u00dft es Daumen dr\u00fccken, dass der Wettergott mitspielt und die Frucht zeitgerecht und mit bester Qualit\u00e4t eingebracht wird!:-)<\/p>\n","protected":false},"excerpt":{"rendered":"<p>Es ist soweit &#8211; die Getreideernte hat begonnen! Neben Weinbau betreiben wir auch Ackerbau und wie jedes Jahr im Juli\/August\u00a0l\u00e4uft unser M\u00e4hdrescher auf Hochtouren. Zu unseren Getreidesorten z\u00e4hlen u.a. Wintergerste, Raps und Durum (Hartweizen). Jetzt &hellip;<\/p>\n","protected":false},"author":1,"featured_media":571,"comment_status":"closed","ping_status":"open","sticky":false,"template":"","format":"standard","meta":{"_exactmetrics_skip_tracking":false,"_exactmetrics_sitenote_active":false,"_exactmetrics_sitenote_note":"","_exactmetrics_sitenote_category":0,"_jetpack_memberships_contains_paid_content":false,"footnotes":""},"categories":[1],"tags":[],"jetpack_sharing_enabled":true,"jetpack_featured_media_url":"https:\/\/www.weingut-epp.at\/wp-content\/uploads\/2020\/07\/Ernte2020klein.jpg","_links":{"self":[{"href":"https:\/\/www.weingut-epp.at\/index.php?rest_route=\/wp\/v2\/posts\/570"}],"collection":[{"href":"https:\/\/www.weingut-epp.at\/index.php?rest_route=\/wp\/v2\/posts"}],"about":[{"href":"https:\/\/www.weingut-epp.at\/index.php?rest_route=\/wp\/v2\/types\/post"}],"author":[{"embeddable":true,"href":"https:\/\/www.weingut-epp.at\/index.php?rest_route=\/wp\/v2\/users\/1"}],"replies":[{"embeddable":true,"href":"https:\/\/www.weingut-epp.at\/index.php?rest_route=%2Fwp%2Fv2%2Fcomments&post=570"}],"version-history":[{"count":3,"href":"https:\/\/www.weingut-epp.at\/index.php?rest_route=\/wp\/v2\/posts\/570\/revisions"}],"predecessor-version":[{"id":574,"href":"https:\/\/www.weingut-epp.at\/index.php?rest_route=\/wp\/v2\/posts\/570\/revisions\/574"}],"wp:featuredmedia":[{"embeddable":true,"href":"https:\/\/www.weingut-epp.at\/index.php?rest_route=\/wp\/v2\/media\/571"}],"wp:attachment":[{"href":"https:\/\/www.weingut-epp.at\/index.php?rest_route=%2Fwp%2Fv2%2Fmedia&parent=570"}],"wp:term":[{"taxonomy":"category","embeddable":true,"href":"https:\/\/www.weingut-epp.at\/index.php?rest_route=%2Fwp%2Fv2%2Fcategories&post=570"},{"taxonomy":"post_tag","embeddable":true,"href":"https:\/\/www.weingut-epp.at\/index.php?rest_route=%2Fwp%2Fv2%2Ftags&post=570"}],"curies":[{"name":"wp","href":"https:\/\/api.w.org\/{rel}","templated":true}]}}