{"id":647,"date":"2020-07-24T13:12:54","date_gmt":"2020-07-24T11:12:54","guid":{"rendered":"http:\/\/www.weingut-epp.at\/?p=647"},"modified":"2020-07-31T09:49:25","modified_gmt":"2020-07-31T07:49:25","slug":"die-korken-knallen-wir-sind-landessieger","status":"publish","type":"post","link":"https:\/\/www.weingut-epp.at\/?p=647","title":{"rendered":"Die Korken knallen &#8211; wir sind  N\u00d6 Landessieger!"},"content":{"rendered":"\n<p>Voller Freude und Dankbarkeit\u00a0durften wir den Titel des N\u00d6 Landesweinsiegers entgegennehmen. Wir konnten bei der gr\u00f6\u00dften Weinbewertung des Landes, der N\u00d6 Weinpr\u00e4mierung, wieder einen au\u00dfergew\u00f6hnlichen Erfolg erzielen.<\/p>\n\n\n\n<p>Der Welschriesling 2019 wurde zum N\u00d6 Landessieger gek\u00fcrt. Aber nicht nur das: unser Weinviertel DAC wurde als Finalist ausgezeichnet und z\u00e4hlt somit auch zu den besten Weinen des Landes. Au\u00dferdem d\u00fcrfen wir uns \u00fcber Gold beim Chardonnay, Wei\u00dfburgunder und Weinviertel DAC Kruttberge freuen. Lasst es euch gut schmecken, solange der Vorrat reicht!<\/p>\n","protected":false},"excerpt":{"rendered":"<p>Voller Freude und Dankbarkeit\u00a0durften wir den Titel des N\u00d6 Landesweinsiegers entgegennehmen. Wir konnten bei der gr\u00f6\u00dften Weinbewertung des Landes, der N\u00d6 Weinpr\u00e4mierung, wieder einen au\u00dfergew\u00f6hnlichen Erfolg erzielen. Der Welschriesling 2019 wurde zum N\u00d6 Landessieger gek\u00fcrt. &hellip;<\/p>\n","protected":false},"author":1,"featured_media":656,"comment_status":"closed","ping_status":"open","sticky":false,"template":"","format":"standard","meta":{"_exactmetrics_skip_tracking":false,"_exactmetrics_sitenote_active":false,"_exactmetrics_sitenote_note":"","_exactmetrics_sitenote_category":0,"_jetpack_memberships_contains_paid_content":false,"footnotes":""},"categories":[1],"tags":[],"jetpack_sharing_enabled":true,"jetpack_featured_media_url":"https:\/\/www.weingut-epp.at\/wp-content\/uploads\/2020\/07\/Landessieger-Verleihung-zu-3.jpg","_links":{"self":[{"href":"https:\/\/www.weingut-epp.at\/index.php?rest_route=\/wp\/v2\/posts\/647"}],"collection":[{"href":"https:\/\/www.weingut-epp.at\/index.php?rest_route=\/wp\/v2\/posts"}],"about":[{"href":"https:\/\/www.weingut-epp.at\/index.php?rest_route=\/wp\/v2\/types\/post"}],"author":[{"embeddable":true,"href":"https:\/\/www.weingut-epp.at\/index.php?rest_route=\/wp\/v2\/users\/1"}],"replies":[{"embeddable":true,"href":"https:\/\/www.weingut-epp.at\/index.php?rest_route=%2Fwp%2Fv2%2Fcomments&post=647"}],"version-history":[{"count":4,"href":"https:\/\/www.weingut-epp.at\/index.php?rest_route=\/wp\/v2\/posts\/647\/revisions"}],"predecessor-version":[{"id":721,"href":"https:\/\/www.weingut-epp.at\/index.php?rest_route=\/wp\/v2\/posts\/647\/revisions\/721"}],"wp:featuredmedia":[{"embeddable":true,"href":"https:\/\/www.weingut-epp.at\/index.php?rest_route=\/wp\/v2\/media\/656"}],"wp:attachment":[{"href":"https:\/\/www.weingut-epp.at\/index.php?rest_route=%2Fwp%2Fv2%2Fmedia&parent=647"}],"wp:term":[{"taxonomy":"category","embeddable":true,"href":"https:\/\/www.weingut-epp.at\/index.php?rest_route=%2Fwp%2Fv2%2Fcategories&post=647"},{"taxonomy":"post_tag","embeddable":true,"href":"https:\/\/www.weingut-epp.at\/index.php?rest_route=%2Fwp%2Fv2%2Ftags&post=647"}],"curies":[{"name":"wp","href":"https:\/\/api.w.org\/{rel}","templated":true}]}}