{"id":918,"date":"2020-09-03T06:48:00","date_gmt":"2020-09-03T04:48:00","guid":{"rendered":"https:\/\/www.weingut-epp.at\/?p=918"},"modified":"2020-09-05T07:04:51","modified_gmt":"2020-09-05T05:04:51","slug":"film-ab-orf-zu-besuch","status":"publish","type":"post","link":"https:\/\/www.weingut-epp.at\/?p=918","title":{"rendered":"Film ab &#8211; der ORF zu Besuch"},"content":{"rendered":"\n<p>Heute stand&nbsp;unser Weingut ganz unter dem Motto &#8222;Film ab&#8220;. Der ORF kam zu Besuch, um alles \u00fcber unseren Welschriesling 2019 &#8211; den Landessieger N\u00d6 &#8211; zu erfahren und wie er zu seinem gro\u00dfen Erfolg kam. Gefilmt wurde direkt am Entstehungsort der gewinntr\u00e4chtigen Rebsorte, im Weingarten.&nbsp;F\u00fcr gro\u00dfen Gefallen sorgte auch unsere kleine, aber typische Weinviertler Kellergasse,&nbsp;wo dann das Interview zum Fernsehbeitrag gef\u00fchrt wurde. Demn\u00e4chst zu sehen in Nieder\u00f6sterreich Heute! <\/p>\n","protected":false},"excerpt":{"rendered":"<p>Heute stand&nbsp;unser Weingut ganz unter dem Motto &#8222;Film ab&#8220;. Der ORF kam zu Besuch, um alles \u00fcber unseren Welschriesling 2019 &#8211; den Landessieger N\u00d6 &#8211; zu erfahren und wie er zu seinem gro\u00dfen Erfolg kam. &hellip;<\/p>\n","protected":false},"author":1,"featured_media":919,"comment_status":"closed","ping_status":"open","sticky":false,"template":"","format":"standard","meta":{"_exactmetrics_skip_tracking":false,"_exactmetrics_sitenote_active":false,"_exactmetrics_sitenote_note":"","_exactmetrics_sitenote_category":0,"_jetpack_memberships_contains_paid_content":false,"footnotes":""},"categories":[1],"tags":[],"jetpack_sharing_enabled":true,"jetpack_featured_media_url":"https:\/\/www.weingut-epp.at\/wp-content\/uploads\/2020\/09\/ORF-zu-Besuch.jpg","_links":{"self":[{"href":"https:\/\/www.weingut-epp.at\/index.php?rest_route=\/wp\/v2\/posts\/918"}],"collection":[{"href":"https:\/\/www.weingut-epp.at\/index.php?rest_route=\/wp\/v2\/posts"}],"about":[{"href":"https:\/\/www.weingut-epp.at\/index.php?rest_route=\/wp\/v2\/types\/post"}],"author":[{"embeddable":true,"href":"https:\/\/www.weingut-epp.at\/index.php?rest_route=\/wp\/v2\/users\/1"}],"replies":[{"embeddable":true,"href":"https:\/\/www.weingut-epp.at\/index.php?rest_route=%2Fwp%2Fv2%2Fcomments&post=918"}],"version-history":[{"count":3,"href":"https:\/\/www.weingut-epp.at\/index.php?rest_route=\/wp\/v2\/posts\/918\/revisions"}],"predecessor-version":[{"id":924,"href":"https:\/\/www.weingut-epp.at\/index.php?rest_route=\/wp\/v2\/posts\/918\/revisions\/924"}],"wp:featuredmedia":[{"embeddable":true,"href":"https:\/\/www.weingut-epp.at\/index.php?rest_route=\/wp\/v2\/media\/919"}],"wp:attachment":[{"href":"https:\/\/www.weingut-epp.at\/index.php?rest_route=%2Fwp%2Fv2%2Fmedia&parent=918"}],"wp:term":[{"taxonomy":"category","embeddable":true,"href":"https:\/\/www.weingut-epp.at\/index.php?rest_route=%2Fwp%2Fv2%2Fcategories&post=918"},{"taxonomy":"post_tag","embeddable":true,"href":"https:\/\/www.weingut-epp.at\/index.php?rest_route=%2Fwp%2Fv2%2Ftags&post=918"}],"curies":[{"name":"wp","href":"https:\/\/api.w.org\/{rel}","templated":true}]}}