{"id":928,"date":"2020-09-11T17:00:36","date_gmt":"2020-09-11T15:00:36","guid":{"rendered":"https:\/\/www.weingut-epp.at\/?p=928"},"modified":"2020-11-07T21:07:10","modified_gmt":"2020-11-07T20:07:10","slug":"wir-sind-salonwinzer","status":"publish","type":"post","link":"https:\/\/www.weingut-epp.at\/?p=928","title":{"rendered":"Wir sind Salonwinzer"},"content":{"rendered":"\n<p>Wir haben es wieder einmal geschafft &#8211; und d\u00fcrfen uns zu den besten Winzern \u00d6sterreichs z\u00e4hlen! Unser Welschriesling, der auch Landessieger in N\u00d6\u00a0wurde und unser Chardonnay wurden in den SALON \u00d6sterreich Wein aufgenommen.\u00a0Besonders freuen wir uns\u00a0\u00fcber die top Platzierungen \u00f6sterreichweit: der Welschriesling hat den 2., der Chardonnay den 3. Platz bundesweit erlangt. Eine Best\u00e4tigung, dass wir alles richtig gemacht haben und voller Freude und Tatendrang dem n\u00e4chsten\u00a0Weinjahrgang entgegenschauen d\u00fcrfen. Wir lassen uns \u00fcberraschen!:-)<\/p>\n","protected":false},"excerpt":{"rendered":"<p>Wir haben es wieder einmal geschafft &#8211; und d\u00fcrfen uns zu den besten Winzern \u00d6sterreichs z\u00e4hlen! Unser Welschriesling, der auch Landessieger in N\u00d6\u00a0wurde und unser Chardonnay wurden in den SALON \u00d6sterreich Wein aufgenommen.\u00a0Besonders freuen wir &hellip;<\/p>\n","protected":false},"author":1,"featured_media":929,"comment_status":"closed","ping_status":"open","sticky":false,"template":"","format":"standard","meta":{"_exactmetrics_skip_tracking":false,"_exactmetrics_sitenote_active":false,"_exactmetrics_sitenote_note":"","_exactmetrics_sitenote_category":0,"_jetpack_memberships_contains_paid_content":false,"footnotes":""},"categories":[1],"tags":[],"jetpack_sharing_enabled":true,"jetpack_featured_media_url":"https:\/\/www.weingut-epp.at\/wp-content\/uploads\/2020\/09\/Salon-Foto.jpg","_links":{"self":[{"href":"https:\/\/www.weingut-epp.at\/index.php?rest_route=\/wp\/v2\/posts\/928"}],"collection":[{"href":"https:\/\/www.weingut-epp.at\/index.php?rest_route=\/wp\/v2\/posts"}],"about":[{"href":"https:\/\/www.weingut-epp.at\/index.php?rest_route=\/wp\/v2\/types\/post"}],"author":[{"embeddable":true,"href":"https:\/\/www.weingut-epp.at\/index.php?rest_route=\/wp\/v2\/users\/1"}],"replies":[{"embeddable":true,"href":"https:\/\/www.weingut-epp.at\/index.php?rest_route=%2Fwp%2Fv2%2Fcomments&post=928"}],"version-history":[{"count":3,"href":"https:\/\/www.weingut-epp.at\/index.php?rest_route=\/wp\/v2\/posts\/928\/revisions"}],"predecessor-version":[{"id":983,"href":"https:\/\/www.weingut-epp.at\/index.php?rest_route=\/wp\/v2\/posts\/928\/revisions\/983"}],"wp:featuredmedia":[{"embeddable":true,"href":"https:\/\/www.weingut-epp.at\/index.php?rest_route=\/wp\/v2\/media\/929"}],"wp:attachment":[{"href":"https:\/\/www.weingut-epp.at\/index.php?rest_route=%2Fwp%2Fv2%2Fmedia&parent=928"}],"wp:term":[{"taxonomy":"category","embeddable":true,"href":"https:\/\/www.weingut-epp.at\/index.php?rest_route=%2Fwp%2Fv2%2Fcategories&post=928"},{"taxonomy":"post_tag","embeddable":true,"href":"https:\/\/www.weingut-epp.at\/index.php?rest_route=%2Fwp%2Fv2%2Ftags&post=928"}],"curies":[{"name":"wp","href":"https:\/\/api.w.org\/{rel}","templated":true}]}}