{"id":97,"date":"2015-06-17T07:34:45","date_gmt":"2015-06-17T05:34:45","guid":{"rendered":"http:\/\/www.weingut-epp.at\/test\/?p=97"},"modified":"2015-11-12T20:15:28","modified_gmt":"2015-11-12T19:15:28","slug":"top-wein-niederoesterreich","status":"publish","type":"post","link":"https:\/\/www.weingut-epp.at\/?p=97","title":{"rendered":"Top Wein Nieder\u00f6sterreich"},"content":{"rendered":"<p><span class=\"fsl\">16 Landessieger und 110 Finalisten laden zur Verkostung!<\/span><\/p>\n<p>Die nieder\u00f6sterreichische Landesweinpr\u00e4mierung, organisiert von der Landwirtschaftskammer und dem Weinbauverband im gr\u00f6\u00dften Bundesland, kann dank exakt 3.463 eingereichter Proben als Gradmesser f\u00fcr die Beurteilung eines Wein-Jahrgangs herangezogen werden. Diese Verkostung bietet eine ungeheure Breite aus allen N\u00d6 Weinbaugebieten und verschafft auch einen Gesamt\u00fcberblick. Die Ergebnisse wurden dieser Tage im Rahmen einer Gala pr\u00e4sentiert und k\u00f6nnen am 17. Juni, im Palais Nieder\u00f6sterreich, in Wien bei der TOP WEIN Nieder\u00f6sterreich \u00f6ffentlich verkostet werden.<\/p>\n<p><a href=\"https:\/\/www.facebook.com\/events\/1609694122619710\/\">https:\/\/www.facebook.com\/events\/1609694122619710\/ <\/a><\/p>\n","protected":false},"excerpt":{"rendered":"<p>16 Landessieger und 110 Finalisten laden zur Verkostung! Die nieder\u00f6sterreichische Landesweinpr\u00e4mierung, organisiert von der Landwirtschaftskammer und dem Weinbauverband im gr\u00f6\u00dften Bundesland, kann dank exakt 3.463 eingereichter Proben als Gradmesser f\u00fcr die Beurteilung eines Wein-Jahrgangs herangezogen &hellip;<\/p>\n","protected":false},"author":1,"featured_media":35,"comment_status":"closed","ping_status":"open","sticky":false,"template":"","format":"standard","meta":{"_exactmetrics_skip_tracking":false,"_exactmetrics_sitenote_active":false,"_exactmetrics_sitenote_note":"","_exactmetrics_sitenote_category":0,"_jetpack_memberships_contains_paid_content":false,"footnotes":""},"categories":[1],"tags":[],"jetpack_sharing_enabled":true,"jetpack_featured_media_url":"https:\/\/www.weingut-epp.at\/wp-content\/uploads\/2015\/06\/hipsterlogogenerator_1434025292956-e1434462856596.png","_links":{"self":[{"href":"https:\/\/www.weingut-epp.at\/index.php?rest_route=\/wp\/v2\/posts\/97"}],"collection":[{"href":"https:\/\/www.weingut-epp.at\/index.php?rest_route=\/wp\/v2\/posts"}],"about":[{"href":"https:\/\/www.weingut-epp.at\/index.php?rest_route=\/wp\/v2\/types\/post"}],"author":[{"embeddable":true,"href":"https:\/\/www.weingut-epp.at\/index.php?rest_route=\/wp\/v2\/users\/1"}],"replies":[{"embeddable":true,"href":"https:\/\/www.weingut-epp.at\/index.php?rest_route=%2Fwp%2Fv2%2Fcomments&post=97"}],"version-history":[{"count":2,"href":"https:\/\/www.weingut-epp.at\/index.php?rest_route=\/wp\/v2\/posts\/97\/revisions"}],"predecessor-version":[{"id":99,"href":"https:\/\/www.weingut-epp.at\/index.php?rest_route=\/wp\/v2\/posts\/97\/revisions\/99"}],"wp:featuredmedia":[{"embeddable":true,"href":"https:\/\/www.weingut-epp.at\/index.php?rest_route=\/wp\/v2\/media\/35"}],"wp:attachment":[{"href":"https:\/\/www.weingut-epp.at\/index.php?rest_route=%2Fwp%2Fv2%2Fmedia&parent=97"}],"wp:term":[{"taxonomy":"category","embeddable":true,"href":"https:\/\/www.weingut-epp.at\/index.php?rest_route=%2Fwp%2Fv2%2Fcategories&post=97"},{"taxonomy":"post_tag","embeddable":true,"href":"https:\/\/www.weingut-epp.at\/index.php?rest_route=%2Fwp%2Fv2%2Ftags&post=97"}],"curies":[{"name":"wp","href":"https:\/\/api.w.org\/{rel}","templated":true}]}}