{"id":970,"date":"2020-11-07T09:23:36","date_gmt":"2020-11-07T08:23:36","guid":{"rendered":"https:\/\/www.weingut-epp.at\/?p=970"},"modified":"2020-11-07T09:26:50","modified_gmt":"2020-11-07T08:26:50","slug":"welcome-junger-2020","status":"publish","type":"post","link":"https:\/\/www.weingut-epp.at\/?p=970","title":{"rendered":"Welcome Junger 2020"},"content":{"rendered":"\n<p>Jetzt ist er da &#8211; der Junge 2020! Es ist immer wieder ein tolles Ereignis f\u00fcr uns, wenn wir den Jungwein in den H\u00e4nden halten d\u00fcrfen. Auch diesmal pr\u00e4sentiert er sich wieder von der frechen Seite: leicht, fruchtig, unkompliziert. Ein Gr\u00fcner Veltliner f\u00fcr angenehme Stunden in der Herbstzeit &#8211; passend zum klassischen Gansl, zu Wildgerichten oder einfach f\u00fcr zwischendurch, um etwas Sonne und gute Laune in die grauen Herbsttage zu bringen. Darauf wollen wir ansto\u00dfen: Mahlzeit!<\/p>\n","protected":false},"excerpt":{"rendered":"<p>Jetzt ist er da &#8211; der Junge 2020! Es ist immer wieder ein tolles Ereignis f\u00fcr uns, wenn wir den Jungwein in den H\u00e4nden halten d\u00fcrfen. Auch diesmal pr\u00e4sentiert er sich wieder von der frechen &hellip;<\/p>\n","protected":false},"author":1,"featured_media":972,"comment_status":"closed","ping_status":"open","sticky":false,"template":"","format":"standard","meta":{"_exactmetrics_skip_tracking":false,"_exactmetrics_sitenote_active":false,"_exactmetrics_sitenote_note":"","_exactmetrics_sitenote_category":0,"_jetpack_memberships_contains_paid_content":false,"footnotes":""},"categories":[1],"tags":[],"jetpack_sharing_enabled":true,"jetpack_featured_media_url":"https:\/\/www.weingut-epp.at\/wp-content\/uploads\/2020\/11\/Foto-Junger2020klein.jpg","_links":{"self":[{"href":"https:\/\/www.weingut-epp.at\/index.php?rest_route=\/wp\/v2\/posts\/970"}],"collection":[{"href":"https:\/\/www.weingut-epp.at\/index.php?rest_route=\/wp\/v2\/posts"}],"about":[{"href":"https:\/\/www.weingut-epp.at\/index.php?rest_route=\/wp\/v2\/types\/post"}],"author":[{"embeddable":true,"href":"https:\/\/www.weingut-epp.at\/index.php?rest_route=\/wp\/v2\/users\/1"}],"replies":[{"embeddable":true,"href":"https:\/\/www.weingut-epp.at\/index.php?rest_route=%2Fwp%2Fv2%2Fcomments&post=970"}],"version-history":[{"count":4,"href":"https:\/\/www.weingut-epp.at\/index.php?rest_route=\/wp\/v2\/posts\/970\/revisions"}],"predecessor-version":[{"id":976,"href":"https:\/\/www.weingut-epp.at\/index.php?rest_route=\/wp\/v2\/posts\/970\/revisions\/976"}],"wp:featuredmedia":[{"embeddable":true,"href":"https:\/\/www.weingut-epp.at\/index.php?rest_route=\/wp\/v2\/media\/972"}],"wp:attachment":[{"href":"https:\/\/www.weingut-epp.at\/index.php?rest_route=%2Fwp%2Fv2%2Fmedia&parent=970"}],"wp:term":[{"taxonomy":"category","embeddable":true,"href":"https:\/\/www.weingut-epp.at\/index.php?rest_route=%2Fwp%2Fv2%2Fcategories&post=970"},{"taxonomy":"post_tag","embeddable":true,"href":"https:\/\/www.weingut-epp.at\/index.php?rest_route=%2Fwp%2Fv2%2Ftags&post=970"}],"curies":[{"name":"wp","href":"https:\/\/api.w.org\/{rel}","templated":true}]}}