{"id":990,"date":"2020-12-06T20:07:31","date_gmt":"2020-12-06T19:07:31","guid":{"rendered":"https:\/\/www.weingut-epp.at\/?p=990"},"modified":"2020-12-08T07:31:07","modified_gmt":"2020-12-08T06:31:07","slug":"wein-fuers-christkind-contactless","status":"publish","type":"post","link":"https:\/\/www.weingut-epp.at\/?p=990","title":{"rendered":"Weinlieferung f\u00fcrs Christkind &#8211; contactless"},"content":{"rendered":"\n<p>Wie jedes Jahr um die Weihnachtszeit waren wir gestern wieder\u00a0im Westen \u00d6sterreichs mit\u00a0Packerln\u00a0unterwegs. Wer das Christkind\u00a0also im Gasteinertal, in der Gegend rund um Zell am See und Hochfilzen mit Weinkartons gesehen hat &#8211; genau dort luden wir aus:-).\u00a0Auch in den n\u00e4chsten zwei Wochen sind wir laufend unterwegs und es besteht noch die M\u00f6glichkeit, sich bei uns f\u00fcr Bestellungen zu melden.\u00a0In diesem Sinne bedanken wir uns ganz herzlich bei unseren Weinkunden, dass\u00a0ihr uns trotz der schwierigen Zeit von Corona die Treue gehalten\u00a0habt und w\u00fcnschen ein frohes, besinnliches Weihnachtsfest &#8211; ein herzliches Prost und xund bleiben!<\/p>\n","protected":false},"excerpt":{"rendered":"<p>Wie jedes Jahr um die Weihnachtszeit waren wir gestern wieder\u00a0im Westen \u00d6sterreichs mit\u00a0Packerln\u00a0unterwegs. Wer das Christkind\u00a0also im Gasteinertal, in der Gegend rund um Zell am See und Hochfilzen mit Weinkartons gesehen hat &#8211; genau dort &hellip;<\/p>\n","protected":false},"author":1,"featured_media":992,"comment_status":"closed","ping_status":"open","sticky":false,"template":"","format":"standard","meta":{"_exactmetrics_skip_tracking":false,"_exactmetrics_sitenote_active":false,"_exactmetrics_sitenote_note":"","_exactmetrics_sitenote_category":0,"_jetpack_memberships_contains_paid_content":false,"footnotes":""},"categories":[1],"tags":[],"jetpack_sharing_enabled":true,"jetpack_featured_media_url":"https:\/\/www.weingut-epp.at\/wp-content\/uploads\/2020\/12\/Weinliefern-klein.jpg","_links":{"self":[{"href":"https:\/\/www.weingut-epp.at\/index.php?rest_route=\/wp\/v2\/posts\/990"}],"collection":[{"href":"https:\/\/www.weingut-epp.at\/index.php?rest_route=\/wp\/v2\/posts"}],"about":[{"href":"https:\/\/www.weingut-epp.at\/index.php?rest_route=\/wp\/v2\/types\/post"}],"author":[{"embeddable":true,"href":"https:\/\/www.weingut-epp.at\/index.php?rest_route=\/wp\/v2\/users\/1"}],"replies":[{"embeddable":true,"href":"https:\/\/www.weingut-epp.at\/index.php?rest_route=%2Fwp%2Fv2%2Fcomments&post=990"}],"version-history":[{"count":7,"href":"https:\/\/www.weingut-epp.at\/index.php?rest_route=\/wp\/v2\/posts\/990\/revisions"}],"predecessor-version":[{"id":1003,"href":"https:\/\/www.weingut-epp.at\/index.php?rest_route=\/wp\/v2\/posts\/990\/revisions\/1003"}],"wp:featuredmedia":[{"embeddable":true,"href":"https:\/\/www.weingut-epp.at\/index.php?rest_route=\/wp\/v2\/media\/992"}],"wp:attachment":[{"href":"https:\/\/www.weingut-epp.at\/index.php?rest_route=%2Fwp%2Fv2%2Fmedia&parent=990"}],"wp:term":[{"taxonomy":"category","embeddable":true,"href":"https:\/\/www.weingut-epp.at\/index.php?rest_route=%2Fwp%2Fv2%2Fcategories&post=990"},{"taxonomy":"post_tag","embeddable":true,"href":"https:\/\/www.weingut-epp.at\/index.php?rest_route=%2Fwp%2Fv2%2Ftags&post=990"}],"curies":[{"name":"wp","href":"https:\/\/api.w.org\/{rel}","templated":true}]}}